{"id":162,"date":"2010-01-06T10:13:08","date_gmt":"2010-01-06T09:13:08","guid":{"rendered":"http:\/\/sdubois.evolix.net\/blog\/?p=162"},"modified":"2010-01-06T10:13:08","modified_gmt":"2010-01-06T09:13:08","slug":"commentaire-sur-la-vision-du-gartner-pour-2010","status":"publish","type":"post","link":"https:\/\/sdubois.fr\/blog\/2010\/01\/commentaire-sur-la-vision-du-gartner-pour-2010\/","title":{"rendered":"Commentaire sur la vision du Gartner sur les tendances technos de 2010"},"content":{"rendered":"<p>Le fameux cabinet d&rsquo;\u00e9tudes Gartner a publi\u00e9 sa <a href=\"http:\/\/www.gartner.com\/it\/page.jsp?id=1210613\">vision<\/a> des 10 tendances technos de 2010.<br \/>\nUne traduction est disponible <a href=\"http:\/\/pro.01net.com\/editorial\/510393\/les-10-tendances-technos-de-2010-(partie-1)\/\">ici<\/a> et <a href=\"http:\/\/pro.01net.com\/editorial\/510417\/les-10-tendances-technos-de-2010-(partie-2)\/\">l\u00e0<\/a><\/p>\n<p>Dans le cadre d&rsquo;un appel \u00e0 t\u00e9moignage de Yann Serra journaliste \u00e0 01Informatique (dont la r\u00e9daction et les autres du groupe Tests (qui s\u2019appelle d\u00e9sormais Groupe 01, d\u2019ailleurs) ont \u00e9t\u00e9 regroup\u00e9s avec le reste du groupe NextRadioTV.), j&rsquo;ai pu proposer le commentaire suivant sur la 1\u00e8re tendance list\u00e9e par Gartner :<\/p>\n<p><strong>Commentaire sur Technologie cl\u00e9 n\u00b01 : l&rsquo;av\u00e8nement du cloud computing<\/strong><\/p>\n<p>Cette \u00ab\u00a0tendance technologique\u00a0\u00bb plus proche du \u00ab\u00a0concept commercial\u00a0\u00bb a des liens forts avec la tendance cl\u00e9 n\u00b03 (Green IT), la tendance cl\u00e9 n\u00b05 (structuration centres de donn\u00e9es), et la technologie cl\u00e9 n\u00b09 (virtualisation)<br \/>\nIl faut comprendre que derri\u00e8re le cloud computing (et les offres SAAS qui en sont la vitrine) se cache de r\u00e9elles technologies comme la virtualisation (ou para-virtualisation) et les techniques logicielles pour mettre en place de la haute disponibilit\u00e9. Cette tendance n\u00b01 r\u00e9sume bien la tendance globale qui est de monter de plus en plus vers la couche haute du mod\u00e8le OSI. Apr\u00e8s avoir fait du RAID hardware sur une m\u00eame machine, on d\u00e9place la probl\u00e9matique de plus en plus vers le logiciel et on arrive \u00e0 du \u00ab\u00a0RAID logiciel de machines\u00a0\u00bb avec des OS pouvant \u00eatre migr\u00e9s \u00e0 chaud ind\u00e9pendamment ou presque du mat\u00e9riel h\u00f4te. L&rsquo;optimisation induite des ressources mat\u00e9rielles utilis\u00e9es  et donc la r\u00e9duction th\u00e9orique de la consommation \u00e9lectrique dans les datacenters en font une tendance tr\u00e8s \u00ab\u00a0green\u00a0\u00bb.<br \/>\nCette tendance si s\u00e9duisante par les technologies qu&rsquo;elle utilise ne doit pas faire oublier qu&rsquo;elle pose une question de taille qui est la m\u00eame que celle de la tendance n\u00b06 \u00ab\u00a0R\u00e9seaux sociaux\u00a0\u00bb \u00e0 savoir celle des donn\u00e9es et de leur bonne ma\u00eetrise. \u00c0 l&rsquo;\u00e9poque o\u00f9 la CNIL regarde Google d&rsquo;un oeil, que ce m\u00eame Google d\u00e9finit sa vision du mot \u00ab\u00a0open\u00a0\u00bb (<a href=\"http:\/\/googleblog.blogspot.com\/2009\/12\/meaning-of-open.html\">ici<\/a> et traduit <a href=\"http:\/\/www.framablog.org\/index.php\/post\/2009\/12\/31\/google-the-meaning-of-open-traduction\">l\u00e0<\/a>), que Facebook revoit sa politique de confidentialit\u00e9, la bonne gestion des donn\u00e9es et le respect des libert\u00e9s devra \u00eatre au coeur des tendances technos de 2010. <\/p>\n","protected":false},"excerpt":{"rendered":"<p>Le fameux cabinet d&rsquo;\u00e9tudes Gartner a publi\u00e9 sa vision des 10 tendances technos de 2010. Une traduction est disponible ici et l\u00e0 Dans le cadre d&rsquo;un appel \u00e0 t\u00e9moignage de Yann Serra journaliste \u00e0 01Informatique (dont la r\u00e9daction et les autres du groupe Tests (qui s\u2019appelle d\u00e9sormais Groupe 01, d\u2019ailleurs) ont \u00e9t\u00e9 regroup\u00e9s avec le <a href=\"https:\/\/sdubois.fr\/blog\/2010\/01\/commentaire-sur-la-vision-du-gartner-pour-2010\/\"> lire la suite <span class=\"meta-nav\"><\/span><\/a><\/p>\n","protected":false},"author":1,"featured_media":0,"comment_status":"open","ping_status":"open","sticky":false,"template":"","format":"standard","meta":{"footnotes":""},"categories":[4],"tags":[],"class_list":["post-162","post","type-post","status-publish","format-standard","hentry","category-tic"],"_links":{"self":[{"href":"https:\/\/sdubois.fr\/blog\/wp-json\/wp\/v2\/posts\/162","targetHints":{"allow":["GET"]}}],"collection":[{"href":"https:\/\/sdubois.fr\/blog\/wp-json\/wp\/v2\/posts"}],"about":[{"href":"https:\/\/sdubois.fr\/blog\/wp-json\/wp\/v2\/types\/post"}],"author":[{"embeddable":true,"href":"https:\/\/sdubois.fr\/blog\/wp-json\/wp\/v2\/users\/1"}],"replies":[{"embeddable":true,"href":"https:\/\/sdubois.fr\/blog\/wp-json\/wp\/v2\/comments?post=162"}],"version-history":[{"count":0,"href":"https:\/\/sdubois.fr\/blog\/wp-json\/wp\/v2\/posts\/162\/revisions"}],"wp:attachment":[{"href":"https:\/\/sdubois.fr\/blog\/wp-json\/wp\/v2\/media?parent=162"}],"wp:term":[{"taxonomy":"category","embeddable":true,"href":"https:\/\/sdubois.fr\/blog\/wp-json\/wp\/v2\/categories?post=162"},{"taxonomy":"post_tag","embeddable":true,"href":"https:\/\/sdubois.fr\/blog\/wp-json\/wp\/v2\/tags?post=162"}],"curies":[{"name":"wp","href":"https:\/\/api.w.org\/{rel}","templated":true}]}}