{"id":2997,"date":"2009-11-29T08:44:42","date_gmt":"2009-11-29T08:44:42","guid":{"rendered":"http:\/\/sdubois.fr\/blog\/?p=2997"},"modified":"2019-02-08T17:00:10","modified_gmt":"2019-02-08T17:00:10","slug":"actionnariat-et-genese-devolix","status":"publish","type":"post","link":"https:\/\/sdubois.fr\/blog\/2009\/11\/actionnariat-et-genese-devolix\/","title":{"rendered":"Actionnariat et gen\u00e8se d&rsquo;Evolix"},"content":{"rendered":"<p><span style=\"font-family: Free Helvetian;\"><span style=\"font-size: small;\">Je suis arriv\u00e9 \u00e0 Marseille en septembre 2001 pour mon \u00e9cole d\u2019ing\u00e9nieur suite \u00e0 2 ann\u00e9es de classes pr\u00e9paratoires <\/span><\/span><span style=\"font-family: Free Helvetian;\"><span style=\"font-size: small;\">aux grandes \u00e9coles<\/span><\/span><span style=\"font-family: Free Helvetian;\"><span style=\"font-size: small;\"> MP\/MPSI \u00e0 Dijon (Carnot).<br \/><\/span><\/span><span style=\"font-family: Free Helvetian;\"><span style=\"font-size: small;\">L\u2019\u00e9cole <\/span><\/span><span style=\"font-family: Free Helvetian;\"><span style=\"font-size: small;\">d\u2019ing\u00e9nieur <\/span><\/span><span style=\"font-family: Free Helvetian;\"><span style=\"font-size: small;\">\u00e9tait \u00e0 l\u2019\u00e9poque sur le Concours Commun Polytechnique\u00a0: ESM2, <a href=\"https:\/\/fr.wikipedia.org\/wiki\/%C3%89cole_sup%C3%A9rieure_de_m%C3%A9canique_de_Marseille\">Ecole Sup\u00e9rieure de M\u00e9canique de Marseille<\/a>. <\/span><\/span><span style=\"font-family: Free Helvetian;\"><span style=\"font-size: small;\">Elle a depuis fusionn\u00e9 avec d\u2019autres pour devenir l\u2019<a href=\"https:\/\/fr.wikipedia.org\/wiki\/%C3%89cole_centrale_de_Marseille\">Ecole Centrale de Marseille<\/a>.<\/span><\/span><span style=\"font-family: Free Helvetian;\"><span style=\"font-size: small;\"><br \/><\/span><\/span><span style=\"font-family: Free Helvetian;\"><span style=\"font-size: small;\">Maxime K. \u00e9tait mon \u00ab\u00a0parrain\u00a0\u00bb au sein de l\u2019Ecole d\u2019ing\u00e9nieur\u00a0<\/span><\/span><span style=\"font-family: Free Helvetian;\"><span style=\"font-size: small;\">et c\u2019est lui qui m\u2019avait convaincu d\u2019y venir via des \u00e9changes mails l&rsquo;\u00e9t\u00e9 2001<\/span><\/span><span style=\"font-family: Free Helvetian;\"><span style=\"font-size: small;\">. Il \u00e9tait le pr\u00e9sident de l\u2019association \u00ab\u00a0Junior Entreprise\u00a0\u00bb de l\u2019\u00e9cole, association qui propose les services des \u00e9l\u00e8ves ing\u00e9nieurs \u00e0 des soci\u00e9t\u00e9s <\/span><\/span><span style=\"font-family: Free Helvetian;\"><span style=\"font-size: small;\">externes<\/span><\/span><span style=\"font-family: Free Helvetian;\"><span style=\"font-size: small;\">\u00a0(<\/span><\/span><span style=\"font-family: Free Helvetian;\"><span style=\"font-size: small;\">des <\/span><\/span><span style=\"font-family: Free Helvetian;\"><span style=\"font-size: small;\">services payants). Je suis devenu l\u2019ann\u00e9e suivant<\/span><\/span><span style=\"font-family: Free Helvetian;\"><span style=\"font-size: small;\">e (2002)<\/span><\/span><span style=\"font-family: Free Helvetian;\"><span style=\"font-size: small;\"> le responsable de cette association et c\u2019est alors que j\u2019ai fait travaill<\/span><\/span><span style=\"font-family: Free Helvetian;\"><span style=\"font-size: small;\">er<\/span><\/span><span style=\"font-family: Free Helvetian;\"><span style=\"font-size: small;\"> diff\u00e9rents confr\u00e8res de promotion dont <\/span><\/span><span style=\"font-family: Free Helvetian;\"><span style=\"font-size: small;\">Gr\u00e9gory<\/span><\/span><span style=\"font-family: Free Helvetian;\"><span style=\"font-size: small;\"> Colpart. Nous vendions notamment des cr\u00e9ations de sites internet \u00e0 des soci\u00e9t\u00e9s <\/span><\/span><span style=\"font-family: Free Helvetian;\"><span style=\"font-size: small;\">en commen\u00e7ant \u00e0 utiliser de nombreux<\/span><\/span><span style=\"font-family: Free Helvetian;\"><span style=\"font-size: small;\"> logiciels libres.<br \/>Lors de mon stage de deuxi\u00e8me ann\u00e9e d\u2019\u00e9cole <\/span><\/span><span style=\"font-family: Free Helvetian;\"><span style=\"font-size: small;\">\u00e0 l\u2019\u00e9tranger <\/span><\/span><span style=\"font-family: Free Helvetian;\"><span style=\"font-size: small;\">(en <\/span><\/span><span style=\"font-family: Free Helvetian;\"><span style=\"font-size: small;\">\u00c9cosse \u00e0 l&rsquo;Universit\u00e9 de Paisley<\/span><\/span><span style=\"font-family: Free Helvetian;\"><span style=\"font-size: small;\">) j\u2019ai \u00e9t\u00e9 contact\u00e9 par <\/span><\/span><span style=\"font-family: Free Helvetian;\"><span style=\"font-size: small;\">Gr\u00e9gory<\/span><\/span><span style=\"font-family: Free Helvetian;\"><span style=\"font-size: small;\"> par mail <\/span><\/span><span style=\"font-family: Free Helvetian;\"><span style=\"font-size: small;\">me<\/span><\/span><span style=\"font-family: Free Helvetian;\"><span style=\"font-size: small;\"> proposant l\u2019id\u00e9e de cr\u00e9er une soci\u00e9t\u00e9 <\/span><\/span><span style=\"font-family: Free Helvetian;\"><span style=\"font-size: small;\">avec lui et Maxime<\/span><\/span><span style=\"font-family: Free Helvetian;\"><span style=\"font-size: small;\"> bas\u00e9e sur des prestations autour des logiciels libres <\/span><\/span><span style=\"font-family: Free Helvetian;\"><span style=\"font-size: small;\">un peu \u00e0 l\u2019exemple de ceux r\u00e9alis\u00e9s via l<\/span><\/span><span style=\"font-family: Free Helvetian;\"><span style=\"font-size: small;\">a<\/span><\/span><span style=\"font-family: Free Helvetian;\"><span style=\"font-size: small;\"> Junior Entreprise<\/span><\/span><span style=\"font-family: Free Helvetian;\"><span style=\"font-size: small;\">.<br \/><\/span><\/span><strong><span style=\"font-family: Free Helvetian;\"><span style=\"font-size: small;\">Nous avons cr\u00e9\u00e9 la soci\u00e9t\u00e9 M<\/span><\/span><span style=\"font-family: Free Helvetian;\"><span style=\"font-size: small;\">axime<\/span><\/span><span style=\"font-family: Free Helvetian;\"><span style=\"font-size: small;\">, <\/span><\/span><span style=\"font-family: Free Helvetian;\"><span style=\"font-size: small;\">Gr\u00e9gory<\/span><\/span><span style=\"font-family: Free Helvetian;\"><span style=\"font-size: small;\"> et moi-m\u00eame en f\u00e9vrier 2004 alors que <\/span><\/span><span style=\"font-family: Free Helvetian;\"><span style=\"font-size: small;\">Gr\u00e9gory <\/span><\/span><span style=\"font-family: Free Helvetian;\"><span style=\"font-size: small;\">et moi m\u00eame n\u2019\u00e9tions pas dipl\u00f4m\u00e9s (dipl\u00f4m<\/span><\/span><span style=\"font-family: Free Helvetian;\"><span style=\"font-size: small;\">e<\/span><\/span><\/strong><span style=\"font-family: Free Helvetian;\"><span style=\"font-size: small;\"><strong> en septembre 2004)<\/strong>. <\/span><\/span><span style=\"font-family: Free Helvetian;\"><span style=\"font-size: small;\">Gr\u00e9gory<\/span><\/span><span style=\"font-family: Free Helvetian;\"><span style=\"font-size: small;\"> a fait son stage de fin d\u2019\u00e9tude (6 mois) dans la soci\u00e9t\u00e9 tout juste cr\u00e9\u00e9e et qui avait des locaux pr\u00eat\u00e9s par notre \u00e9cole. J\u2019ai pour ma part fait mon stage de 6 mois \u00e0 Sophia Antipolis chez France Telecom R&amp;D (Orange Labs maintenant) sur un sujet de stage li\u00e9 aux logiciels libres pour les entreprises. J\u2019ai rejoint <\/span><\/span><span style=\"font-family: Free Helvetian;\"><span style=\"font-size: small;\">Evolix <\/span><\/span><span style=\"font-family: Free Helvetian;\"><span style=\"font-size: small;\">en tant que premier salari\u00e9 une fois dipl\u00f4m\u00e9 d\u00e9but novembre 2004 <\/span><\/span><span style=\"font-family: Free Helvetian;\"><span style=\"font-size: small;\">et nos premiers clients ont \u00e9t\u00e9 les contacts que j\u2019avais pu constituer via la Junior Entreprise (Acelem, Shaktiware, etc.).<\/span><\/span><\/p>\n<p><span style=\"font-family: Free Helvetian;\"><span style=\"font-size: small;\">Nous avons ensuite eu une croissance par petites \u00e9tapes et un premier salari\u00e9 en 2005 (Alexandre A.) \u00e0 qui nous avons vendu des parts sociales comme marque de confiance (plus tard on a d\u00e9couvert l&rsquo;int\u00e9ressement ;)) mais une m\u00e9sentente <\/span><\/span><span style=\"font-family: Free Helvetian;\"><span style=\"font-size: small;\">a mis fin \u00e0 la collaboration en 2007 alors qu\u2019une tentative de co-g\u00e9rance avait \u00e9t\u00e9 tent\u00e9e \u00e0 l\u2019\u00e9poque. M<\/span><\/span><span style=\"font-family: Free Helvetian;\"><span style=\"font-size: small;\">axime <\/span><\/span><span style=\"font-family: Free Helvetian;\"><span style=\"font-size: small;\">n\u2019a jamais travaill\u00e9 r\u00e9ellement au sein d\u2019Evolix m\u00eame s\u2019il a particip\u00e9 activement \u00e0 la cr\u00e9ation <\/span><\/span><span style=\"font-family: Free Helvetian;\"><span style=\"font-size: small;\">par ses id\u00e9es<\/span><\/span><span style=\"font-family: Free Helvetian;\"><span style=\"font-size: small;\">.<br \/><\/span><\/span><\/p>\n<p><span style=\"font-family: Free Helvetian;\"><span style=\"font-size: small;\">En 2009, ses parts ont \u00e9t\u00e9 rachet\u00e9es afin de pouvoir <\/span><\/span><span style=\"font-family: Free Helvetian;\"><span style=\"font-size: small;\">&#8211;<\/span><\/span><span style=\"font-family: Free Helvetian;\"><span style=\"font-size: small;\"> pour les 2 actionnaires restants (Gr\u00e9gory et moi-m\u00eame) et travaillant \u00e0 100\u00a0% dans Evolix <\/span><\/span><span style=\"font-family: Free Helvetian;\"><span style=\"font-size: small;\">&#8211; <\/span><\/span><span style=\"font-family: Free Helvetian;\"><span style=\"font-size: small;\">d\u2019utiliser les dividendes comme compl\u00e9ment de revenus.<br \/><\/span><\/span><\/p>\n<p><span style=\"font-family: Free Helvetian;\"><span style=\"font-size: small;\"><strong>Depuis 2009, la r\u00e9partition de l&rsquo;actionnariat chez Evolix est le suivant :<\/strong><br \/><strong>Gregory COLPART : 41\/75 \u00e8me de la soci\u00e9t\u00e9 (~54.7 %)<\/strong><br \/><strong>S\u00e9bastien DUBOIS : 34\/75 \u00e8me de la soci\u00e9t\u00e9 (~45.3 %)<\/strong><br \/><\/span><\/span><\/p>\n<p><span style=\"font-family: Free Helvetian;\"><span style=\"font-size: small;\">En terme de direction de la soci\u00e9t\u00e9, l&rsquo;accord (oral &#8230; n&rsquo;ayant pas abouti \u00e0 un pacte d&rsquo;associ\u00e9) &#8211; conditionnant la prise majoritaire de part en 2007 et une g\u00e9rance majoritaire par Gr\u00e9gory &#8211; \u00e9tant de conserver une co-direction d&rsquo;Evolix entre Gr\u00e9gory et moi-m\u00eame comme visible sur le site web de la soci\u00e9t\u00e9 et correspondant \u00e0 nos expertises compl\u00e9mentaires :<br \/><\/span><\/span><\/p>\n<p><img loading=\"lazy\" decoding=\"async\" class=\"alignnone size-full wp-image-3008\" src=\"https:\/\/sdubois.fr\/blog\/wp-content\/uploads\/2009\/11\/siteweb_2014.png\" alt=\"\" width=\"419\" height=\"161\" srcset=\"https:\/\/sdubois.fr\/blog\/wp-content\/uploads\/2009\/11\/siteweb_2014.png 419w, https:\/\/sdubois.fr\/blog\/wp-content\/uploads\/2009\/11\/siteweb_2014-300x115.png 300w\" sizes=\"auto, (max-width: 419px) 100vw, 419px\" \/><\/p>\n<p><em>[Mise \u00e0 jour en 2017 : toujours sur le nouveau site evolix.com]<\/em><\/p>\n<p><img loading=\"lazy\" decoding=\"async\" class=\"alignnone size-full wp-image-2999\" src=\"https:\/\/sdubois.fr\/blog\/wp-content\/uploads\/2018\/11\/siteweb.png\" alt=\"\" width=\"856\" height=\"238\" srcset=\"https:\/\/sdubois.fr\/blog\/wp-content\/uploads\/2018\/11\/siteweb.png 856w, https:\/\/sdubois.fr\/blog\/wp-content\/uploads\/2018\/11\/siteweb-300x83.png 300w, https:\/\/sdubois.fr\/blog\/wp-content\/uploads\/2018\/11\/siteweb-768x214.png 768w\" sizes=\"auto, (max-width: 856px) 100vw, 856px\" \/><\/p>\n\n\n<p><\/p>\n","protected":false},"excerpt":{"rendered":"<p>Je suis arriv\u00e9 \u00e0 Marseille en septembre 2001 pour mon \u00e9cole d\u2019ing\u00e9nieur suite \u00e0 2 ann\u00e9es de classes pr\u00e9paratoires aux grandes \u00e9coles MP\/MPSI \u00e0 Dijon (Carnot).L\u2019\u00e9cole d\u2019ing\u00e9nieur \u00e9tait \u00e0 l\u2019\u00e9poque sur le Concours Commun Polytechnique\u00a0: ESM2, Ecole Sup\u00e9rieure de M\u00e9canique de Marseille. Elle a depuis fusionn\u00e9 avec d\u2019autres pour devenir l\u2019Ecole Centrale de Marseille.Maxime K. <a href=\"https:\/\/sdubois.fr\/blog\/2009\/11\/actionnariat-et-genese-devolix\/\"> lire la suite <span class=\"meta-nav\"><\/span><\/a><\/p>\n","protected":false},"author":1,"featured_media":2999,"comment_status":"open","ping_status":"open","sticky":false,"template":"","format":"standard","meta":{"footnotes":""},"categories":[4],"tags":[],"class_list":["post-2997","post","type-post","status-publish","format-standard","has-post-thumbnail","hentry","category-tic"],"_links":{"self":[{"href":"https:\/\/sdubois.fr\/blog\/wp-json\/wp\/v2\/posts\/2997","targetHints":{"allow":["GET"]}}],"collection":[{"href":"https:\/\/sdubois.fr\/blog\/wp-json\/wp\/v2\/posts"}],"about":[{"href":"https:\/\/sdubois.fr\/blog\/wp-json\/wp\/v2\/types\/post"}],"author":[{"embeddable":true,"href":"https:\/\/sdubois.fr\/blog\/wp-json\/wp\/v2\/users\/1"}],"replies":[{"embeddable":true,"href":"https:\/\/sdubois.fr\/blog\/wp-json\/wp\/v2\/comments?post=2997"}],"version-history":[{"count":8,"href":"https:\/\/sdubois.fr\/blog\/wp-json\/wp\/v2\/posts\/2997\/revisions"}],"predecessor-version":[{"id":3039,"href":"https:\/\/sdubois.fr\/blog\/wp-json\/wp\/v2\/posts\/2997\/revisions\/3039"}],"wp:featuredmedia":[{"embeddable":true,"href":"https:\/\/sdubois.fr\/blog\/wp-json\/wp\/v2\/media\/2999"}],"wp:attachment":[{"href":"https:\/\/sdubois.fr\/blog\/wp-json\/wp\/v2\/media?parent=2997"}],"wp:term":[{"taxonomy":"category","embeddable":true,"href":"https:\/\/sdubois.fr\/blog\/wp-json\/wp\/v2\/categories?post=2997"},{"taxonomy":"post_tag","embeddable":true,"href":"https:\/\/sdubois.fr\/blog\/wp-json\/wp\/v2\/tags?post=2997"}],"curies":[{"name":"wp","href":"https:\/\/api.w.org\/{rel}","templated":true}]}}